{"id":519,"date":"2016-11-10T15:51:04","date_gmt":"2016-11-10T14:51:04","guid":{"rendered":"https:\/\/www.coursgriffon.fr\/blog\/?p=519"},"modified":"2023-12-04T17:47:20","modified_gmt":"2023-12-04T16:47:20","slug":"prof-a-la-gomme-le-scandale-du-recrutement-des-professeurs-contractuels","status":"publish","type":"post","link":"https:\/\/www.coursgriffon.fr\/blog\/prof-a-la-gomme-le-scandale-du-recrutement-des-professeurs-contractuels\/","title":{"rendered":"Prof \u00e0 la gomme \u2013 le scandale du recrutement des professeurs contractuels"},"content":{"rendered":"\t\t<div data-elementor-type=\"wp-post\" data-elementor-id=\"519\" class=\"elementor elementor-519\" data-elementor-post-type=\"post\">\n\t\t\t\t<div class=\"elementor-element elementor-element-185e313 e-flex e-con-boxed e-con e-parent\" data-id=\"185e313\" data-element_type=\"container\">\n\t\t\t\t\t<div class=\"e-con-inner\">\n\t\t\t\t<div class=\"elementor-element elementor-element-1440288 elementor-widget elementor-widget-text-editor\" data-id=\"1440288\" data-element_type=\"widget\" data-widget_type=\"text-editor.default\">\n\t\t\t\t<div class=\"elementor-widget-container\">\n\t\t\t\t\t\t\t\t\t<p>Le 3 novembre 2016, Envoy\u00e9 Sp\u00e9cial (France 2) a diffus\u00e9 un reportage \u2013 tourn\u00e9 en cam\u00e9ra cach\u00e9e et intitul\u00e9 \u00ab Prof \u00e0 la gomme \u00bb \u2013 sur le recrutement des professeurs contractuels : ceux que l\u2019\u00c9ducation Nationale doit trouver en urgence pour mettre quelqu\u2019un face aux \u00e9l\u00e8ves.<\/p><p>Hallucinant. Inqui\u00e9tant.<\/p>\t\t\t\t\t\t\t\t<\/div>\n\t\t\t\t<\/div>\n\t\t\t\t<div class=\"elementor-element elementor-element-07890c1 elementor-widget elementor-widget-video\" data-id=\"07890c1\" data-element_type=\"widget\" data-settings=\"{&quot;youtube_url&quot;:&quot;https:\\\/\\\/www.youtube.com\\\/watch?v=biiaVrnKjhQ&quot;,&quot;video_type&quot;:&quot;youtube&quot;,&quot;controls&quot;:&quot;yes&quot;}\" data-widget_type=\"video.default\">\n\t\t\t\t<div class=\"elementor-widget-container\">\n\t\t\t\t\t\t\t<div class=\"elementor-wrapper elementor-open-inline\">\n\t\t\t<div class=\"elementor-video\"><\/div>\t\t<\/div>\n\t\t\t\t\t\t<\/div>\n\t\t\t\t<\/div>\n\t\t\t\t<div class=\"elementor-element elementor-element-a15d43e elementor-widget elementor-widget-text-editor\" data-id=\"a15d43e\" data-element_type=\"widget\" data-widget_type=\"text-editor.default\">\n\t\t\t\t<div class=\"elementor-widget-container\">\n\t\t\t\t\t\t\t\t\t<p>Dans ce reportage \u00e9difiant, vous apprendrez :<\/p><p>\u2013 que vous pouvez devenir professeur de fran\u00e7ais en quelques jours, m\u00eame si vous \u00eates nul en fran\u00e7ais !<\/p><p>\u2013 que vous pouvez AUSSI devenir professeur de maths en quelques jours, m\u00eame si vous \u00eates nul en maths !<\/p><p>\u2013 que l\u2019Inspecteur P\u00e9dagogique appr\u00e9cie \u00bb l\u2019honn\u00eatet\u00e9 intellectuelle \u00bb d\u2019un candidat qui avoue \u00eatre nul (mais qui sera quand m\u00eame embauch\u00e9\u2026 !)<\/p><p>\u2013 que l\u2019\u00c9ducation Nationale ne v\u00e9rifie pas les dipl\u00f4mes des candidats (m\u00eame si l\u2019\u00e9cole \u00e9mettrice du dipl\u00f4me n\u2019existe pas !)<\/p><p>\u2013 que les professeurs contractuels ne sont pas du tout form\u00e9s avant de d\u00e9marrer<\/p><p>\u2013 qu\u2019il est tr\u00e8s difficile de trouver un programme officiel du coll\u00e8ge facilement lisible sur le site de l\u2019\u00c9ducation Nationale (je confirme !)<\/p><p>\u2013 que tous les moyens sont bons pour trouver des candidats pour devenir professeur contractuel (annonce P\u00f4le Emploi, le Bon Coin, bouche \u00e0 oreille\u2026)<\/p><p>\u2013 que l\u2019\u00c9ducation Nationale pr\u00e9f\u00e8re mettre n\u2019importe qui face aux \u00e9l\u00e8ves, plut\u00f4t que personne<\/p><p>Le reportage dure 25 minutes et se laisse voir.<\/p>\t\t\t\t\t\t\t\t<\/div>\n\t\t\t\t<\/div>\n\t\t\t\t\t<\/div>\n\t\t\t\t<\/div>\n\t\t\t\t<\/div>\n\t\t","protected":false},"excerpt":{"rendered":"<p>Le 3 novembre 2016, Envoy\u00e9 Sp\u00e9cial (France 2) a diffus\u00e9 un reportage \u2013 tourn\u00e9 en cam\u00e9ra cach\u00e9e et intitul\u00e9 \u00ab Prof \u00e0 la gomme \u00bb \u2013 sur le recrutement des professeurs contractuels : ceux que l\u2019\u00c9ducation Nationale doit trouver en urgence pour mettre quelqu\u2019un face aux \u00e9l\u00e8ves.<br \/>\nHallucinant. Inqui\u00e9tant.<\/p>\n","protected":false},"author":2,"featured_media":524,"comment_status":"closed","ping_status":"open","sticky":false,"template":"","format":"standard","meta":{"footnotes":""},"categories":[1],"tags":[],"class_list":["post-519","post","type-post","status-publish","format-standard","has-post-thumbnail","hentry","category-non-classe"],"_links":{"self":[{"href":"https:\/\/www.coursgriffon.fr\/blog\/wp-json\/wp\/v2\/posts\/519","targetHints":{"allow":["GET"]}}],"collection":[{"href":"https:\/\/www.coursgriffon.fr\/blog\/wp-json\/wp\/v2\/posts"}],"about":[{"href":"https:\/\/www.coursgriffon.fr\/blog\/wp-json\/wp\/v2\/types\/post"}],"author":[{"embeddable":true,"href":"https:\/\/www.coursgriffon.fr\/blog\/wp-json\/wp\/v2\/users\/2"}],"replies":[{"embeddable":true,"href":"https:\/\/www.coursgriffon.fr\/blog\/wp-json\/wp\/v2\/comments?post=519"}],"version-history":[{"count":19,"href":"https:\/\/www.coursgriffon.fr\/blog\/wp-json\/wp\/v2\/posts\/519\/revisions"}],"predecessor-version":[{"id":778,"href":"https:\/\/www.coursgriffon.fr\/blog\/wp-json\/wp\/v2\/posts\/519\/revisions\/778"}],"wp:featuredmedia":[{"embeddable":true,"href":"https:\/\/www.coursgriffon.fr\/blog\/wp-json\/wp\/v2\/media\/524"}],"wp:attachment":[{"href":"https:\/\/www.coursgriffon.fr\/blog\/wp-json\/wp\/v2\/media?parent=519"}],"wp:term":[{"taxonomy":"category","embeddable":true,"href":"https:\/\/www.coursgriffon.fr\/blog\/wp-json\/wp\/v2\/categories?post=519"},{"taxonomy":"post_tag","embeddable":true,"href":"https:\/\/www.coursgriffon.fr\/blog\/wp-json\/wp\/v2\/tags?post=519"}],"curies":[{"name":"wp","href":"https:\/\/api.w.org\/{rel}","templated":true}]}}