{"id":2256,"date":"2024-06-14T11:13:56","date_gmt":"2024-06-14T09:13:56","guid":{"rendered":"https:\/\/www.coursgriffon.fr\/blog\/?p=2256"},"modified":"2025-05-16T19:21:23","modified_gmt":"2025-05-16T17:21:23","slug":"entree-en-maternelle-a-2-ans-et-demi-ce-quil-faut-savoir","status":"publish","type":"post","link":"https:\/\/www.coursgriffon.fr\/blog\/entree-en-maternelle-a-2-ans-et-demi-ce-quil-faut-savoir\/","title":{"rendered":"Entr\u00e9e en maternelle \u00e0 2 ans et demi"},"content":{"rendered":"\t\t<div data-elementor-type=\"wp-post\" data-elementor-id=\"2256\" class=\"elementor elementor-2256\" data-elementor-post-type=\"post\">\n\t\t\t\t<div class=\"elementor-element elementor-element-9ae15a4 e-flex e-con-boxed e-con e-parent\" data-id=\"9ae15a4\" data-element_type=\"container\">\n\t\t\t\t\t<div class=\"e-con-inner\">\n\t\t\t\t<div class=\"elementor-element elementor-element-ffe6e18 elementor-widget elementor-widget-heading\" data-id=\"ffe6e18\" data-element_type=\"widget\" data-widget_type=\"heading.default\">\n\t\t\t\t<div class=\"elementor-widget-container\">\n\t\t\t\t\t<h1 class=\"elementor-heading-title elementor-size-default\">Entr\u00e9e en maternelle \u00e0 2 ans et demi : ce qu\u2019il faut savoir<\/h1>\t\t\t\t<\/div>\n\t\t\t\t<\/div>\n\t\t\t\t<div class=\"elementor-element elementor-element-11e3fc9 elementor-widget elementor-widget-text-editor\" data-id=\"11e3fc9\" data-element_type=\"widget\" data-widget_type=\"text-editor.default\">\n\t\t\t\t<div class=\"elementor-widget-container\">\n\t\t\t\t\t\t\t\t\t<p>L&rsquo;entr\u00e9e en maternelle \u00e0 l&rsquo;\u00e2ge de 2 ans et demi suscite souvent des interrogations chez les parents. Entre les <strong>besoins de l&rsquo;enfant<\/strong>, les <strong>contraintes familiales<\/strong> et les <strong>d\u00e9marches administratives<\/strong>, il est crucial de bien se renseigner pour prendre la meilleure d\u00e9cision. Cette \u00e9tape marquante dans le <strong>cycle d&rsquo;\u00e9ducation <\/strong>de votre enfant n\u00e9cessite une r\u00e9flexion approfondie sur le projet \u00e9ducatif et les conditions d&rsquo;enseignement adapt\u00e9es aux tout-petits.<\/p><p>En vous informant sur les diff\u00e9rents aspects de l&rsquo;inscription, vous pourrez mieux pr\u00e9parer votre enfant \u00e0 cette transition, qu&rsquo;il s&rsquo;agisse des formalit\u00e9s ou de l&rsquo;organisation des journ\u00e9es, notamment pour son tout premier matin \u00e0 l&rsquo;\u00e9cole.<\/p><p>Cours Griffon vous pr\u00e9sente un panorama complet sur le sujet, des formalit\u00e9s d&rsquo;inscription aux b\u00e9n\u00e9fices potentiels pour votre enfant, afin de vous accompagner au mieux dans cette d\u00e9marche importante.<\/p>\t\t\t\t\t\t\t\t<\/div>\n\t\t\t\t<\/div>\n\t\t\t\t<div class=\"elementor-element elementor-element-f59f289 elementor-toc--minimized-on-tablet elementor-widget elementor-widget-table-of-contents\" data-id=\"f59f289\" data-element_type=\"widget\" data-settings=\"{&quot;headings_by_tags&quot;:[&quot;h2&quot;,&quot;h3&quot;],&quot;exclude_headings_by_selector&quot;:[],&quot;no_headings_message&quot;:&quot;Aucun titre n\\u2019a \\u00e9t\\u00e9 trouv\\u00e9 sur cette page.&quot;,&quot;marker_view&quot;:&quot;numbers&quot;,&quot;minimize_box&quot;:&quot;yes&quot;,&quot;minimized_on&quot;:&quot;tablet&quot;,&quot;hierarchical_view&quot;:&quot;yes&quot;,&quot;min_height&quot;:{&quot;unit&quot;:&quot;px&quot;,&quot;size&quot;:&quot;&quot;,&quot;sizes&quot;:[]},&quot;min_height_tablet&quot;:{&quot;unit&quot;:&quot;px&quot;,&quot;size&quot;:&quot;&quot;,&quot;sizes&quot;:[]},&quot;min_height_mobile&quot;:{&quot;unit&quot;:&quot;px&quot;,&quot;size&quot;:&quot;&quot;,&quot;sizes&quot;:[]}}\" data-widget_type=\"table-of-contents.default\">\n\t\t\t\t<div class=\"elementor-widget-container\">\n\t\t\t\t\t\t\t<div class=\"elementor-toc__header\">\n\t\t\t<h4 class=\"elementor-toc__header-title\">\n\t\t\t\tTable des mati\u00e8res\t\t\t<\/h4>\n\t\t\t\t\t\t\t<div class=\"elementor-toc__toggle-button elementor-toc__toggle-button--expand\" role=\"button\" tabindex=\"0\" aria-controls=\"elementor-toc__f59f289\" aria-expanded=\"true\" aria-label=\"Ouvrir la table des mati\u00e8res\"><svg aria-hidden=\"true\" class=\"e-font-icon-svg e-fas-chevron-down\" viewBox=\"0 0 448 512\" xmlns=\"http:\/\/www.w3.org\/2000\/svg\"><path d=\"M207.029 381.476L12.686 187.132c-9.373-9.373-9.373-24.569 0-33.941l22.667-22.667c9.357-9.357 24.522-9.375 33.901-.04L224 284.505l154.745-154.021c9.379-9.335 24.544-9.317 33.901.04l22.667 22.667c9.373 9.373 9.373 24.569 0 33.941L240.971 381.476c-9.373 9.372-24.569 9.372-33.942 0z\"><\/path><\/svg><\/div>\n\t\t\t\t<div class=\"elementor-toc__toggle-button elementor-toc__toggle-button--collapse\" role=\"button\" tabindex=\"0\" aria-controls=\"elementor-toc__f59f289\" aria-expanded=\"true\" aria-label=\"Fermer la table des mati\u00e8res\"><svg aria-hidden=\"true\" class=\"e-font-icon-svg e-fas-chevron-up\" viewBox=\"0 0 448 512\" xmlns=\"http:\/\/www.w3.org\/2000\/svg\"><path d=\"M240.971 130.524l194.343 194.343c9.373 9.373 9.373 24.569 0 33.941l-22.667 22.667c-9.357 9.357-24.522 9.375-33.901.04L224 227.495 69.255 381.516c-9.379 9.335-24.544 9.317-33.901-.04l-22.667-22.667c-9.373-9.373-9.373-24.569 0-33.941L207.03 130.525c9.372-9.373 24.568-9.373 33.941-.001z\"><\/path><\/svg><\/div>\n\t\t\t\t\t<\/div>\n\t\t<div id=\"elementor-toc__f59f289\" class=\"elementor-toc__body\">\n\t\t\t<div class=\"elementor-toc__spinner-container\">\n\t\t\t\t<svg class=\"elementor-toc__spinner eicon-animation-spin e-font-icon-svg e-eicon-loading\" aria-hidden=\"true\" viewBox=\"0 0 1000 1000\" xmlns=\"http:\/\/www.w3.org\/2000\/svg\"><path d=\"M500 975V858C696 858 858 696 858 500S696 142 500 142 142 304 142 500H25C25 237 238 25 500 25S975 237 975 500 763 975 500 975Z\"><\/path><\/svg>\t\t\t<\/div>\n\t\t<\/div>\n\t\t\t\t\t\t<\/div>\n\t\t\t\t<\/div>\n\t\t\t\t<div class=\"elementor-element elementor-element-104fb08 elementor-widget elementor-widget-heading\" data-id=\"104fb08\" data-element_type=\"widget\" data-widget_type=\"heading.default\">\n\t\t\t\t<div class=\"elementor-widget-container\">\n\t\t\t\t\t<h2 class=\"elementor-heading-title elementor-size-default\">Quand doit-on inscrire son enfant \u00e0 la maternelle ?<\/h2>\t\t\t\t<\/div>\n\t\t\t\t<\/div>\n\t\t\t\t<div class=\"elementor-element elementor-element-55a4e1e elementor-widget elementor-widget-text-editor\" data-id=\"55a4e1e\" data-element_type=\"widget\" data-widget_type=\"text-editor.default\">\n\t\t\t\t<div class=\"elementor-widget-container\">\n\t\t\t\t\t\t\t\t\t<p>L&rsquo;inscription \u00e0 <a href=\"https:\/\/www.coursgriffon.fr\/blog\/ecole-maternelle-a-la-maison-que-faut-il-savoir\/\"><strong>l&rsquo;\u00e9cole maternelle<\/strong><\/a> commence g\u00e9n\u00e9ralement <strong>entre mars et avril<\/strong> pour l&rsquo;ann\u00e9e scolaire suivante. Cependant, certaines communes d\u00e9marrent ce processus d\u00e8s janvier ou f\u00e9vrier.<\/p><p>Pour conna\u00eetre les dates pr\u00e9cises et les services offerts, il est recommand\u00e9 de se renseigner aupr\u00e8s de votre mairie d\u00e8s que possible.<\/p><p>L&rsquo;inscription anticip\u00e9e garantit une <strong>meilleure organisation<\/strong> et <strong>une place dans l&rsquo;\u00e9tablissement souhait\u00e9<\/strong>, ce qui est essentiel pour assurer une transition en douceur pour votre enfant.<\/p>\t\t\t\t\t\t\t\t<\/div>\n\t\t\t\t<\/div>\n\t\t\t\t<div class=\"elementor-element elementor-element-1872342 elementor-widget elementor-widget-heading\" data-id=\"1872342\" data-element_type=\"widget\" data-widget_type=\"heading.default\">\n\t\t\t\t<div class=\"elementor-widget-container\">\n\t\t\t\t\t<h2 class=\"elementor-heading-title elementor-size-default\">Que dit la loi en mati\u00e8re d\u2019inscription en maternelle ?<\/h2>\t\t\t\t<\/div>\n\t\t\t\t<\/div>\n\t\t\t\t<div class=\"elementor-element elementor-element-e7fb14f elementor-widget elementor-widget-text-editor\" data-id=\"e7fb14f\" data-element_type=\"widget\" data-widget_type=\"text-editor.default\">\n\t\t\t\t<div class=\"elementor-widget-container\">\n\t\t\t\t\t\t\t\t\t<p>En France, l&rsquo;instruction est <strong>obligatoire d\u00e8s l&rsquo;\u00e2ge de 3 ans<\/strong>. Toutefois, il est possible d&rsquo;inscrire un enfant d\u00e8s l&rsquo;\u00e2ge de 2 ans et demi, sous certaines conditions. La priorit\u00e9 est souvent donn\u00e9e aux enfants des milieux d\u00e9favoris\u00e9s pour r\u00e9duire les in\u00e9galit\u00e9s sociales.<\/p><p>Cette obligation entre en vigueur d\u00e8s la rentr\u00e9e scolaire de l&rsquo;ann\u00e9e civile o\u00f9 l&rsquo;enfant f\u00eate ses 3 ans, soit entre le 1er janvier et le 31 d\u00e9cembre.<\/p><p>De plus, un enfant de 2 ans peut \u00eatre accept\u00e9 en maternelle sous r\u00e9serve de certaines conditions (acquisition de la propret\u00e9, niveau de langage, etc.) et selon la disponibilit\u00e9 des places.<\/p><p>Si des places restent disponibles en petite section, les \u00e9tablissements scolaires peuvent accepter des enfants plus jeunes, \u00e0 condition que l&rsquo;environnement scolaire soit adapt\u00e9 \u00e0 leurs besoins.<\/p><p>De 3 \u00e0 6 ans, les enfants peuvent \u00e9galement , sous certaines conditions, \u00eatre scolaris\u00e9s en jardin d&rsquo;enfants.<\/p><p>L&rsquo;inscription en maternelle n\u00e9cessite \u00e9galement que l&rsquo;enfant soit \u00e0 jour dans ses <strong>vaccinations obligatoires<\/strong>, telles que les vaccins antidipht\u00e9rique, antit\u00e9tanique et antipoliomy\u00e9litique. Les parents doivent fournir des documents comme le livret de famille, un justificatif de domicile et un certificat m\u00e9dical attestant des vaccinations lors de l&rsquo;inscription.<\/p><p>Il est \u00e9galement important de noter que les \u00e9coles peuvent <strong>adapter leurs horaires<\/strong> et leurs <strong>programmes<\/strong> aux tout-petits afin de r\u00e9pondre \u00e0 certaines exigences en termes de sommeil et de rythme de la journ\u00e9e.<\/p><p>Les parents doivent donc <strong>s&rsquo;informer aupr\u00e8s de la mairie et des \u00e9coles<\/strong> pour conna\u00eetre les options disponibles et s&rsquo;assurer que l&rsquo;\u00e9tablissement choisi peut offrir un environnement adapt\u00e9 \u00e0 l&rsquo;\u00e2ge de leur enfant.<\/p><p>D\u00e9couvrez notre article\u00a0: <a href=\"https:\/\/www.coursgriffon.fr\/blog\/a-quel-age-peut-on-rentrer-en-maternelle\/\"><strong>\u00e0 quel \u00e2ge peut-on rentrer en maternelle\u00a0?<\/strong><\/a><\/p>\t\t\t\t\t\t\t\t<\/div>\n\t\t\t\t<\/div>\n\t\t\t\t<div class=\"elementor-element elementor-element-d0eb7f6 elementor-cta--skin-classic elementor-animated-content elementor-bg-transform elementor-bg-transform-zoom-in elementor-widget elementor-widget-call-to-action\" data-id=\"d0eb7f6\" data-element_type=\"widget\" data-widget_type=\"call-to-action.default\">\n\t\t\t\t<div class=\"elementor-widget-container\">\n\t\t\t\t\t\t\t<a class=\"elementor-cta\" href=\"https:\/\/www.coursgriffon.fr\/content\/20-ecole-a-la-maison-primaire\">\n\t\t\t\t\t<div class=\"elementor-cta__bg-wrapper\">\n\t\t\t\t<div class=\"elementor-cta__bg elementor-bg\" style=\"background-image: url(https:\/\/www.coursgriffon.fr\/blog\/wp-content\/uploads\/2024\/04\/maternelle-blog-1024x1024.jpg);\" role=\"img\" aria-label=\"Maternelle | Cours Griffon\"><\/div>\n\t\t\t\t<div class=\"elementor-cta__bg-overlay\"><\/div>\n\t\t\t<\/div>\n\t\t\t\t\t\t\t<div class=\"elementor-cta__content\">\n\t\t\t\t\n\t\t\t\t\t\t\t\t\t<h2 class=\"elementor-cta__title elementor-cta__content-item elementor-content-item\">\n\t\t\t\t\t\tEt si je compl\u00e9tais la maternelle avec un bon cours ?\t\t\t\t\t<\/h2>\n\t\t\t\t\n\t\t\t\t\t\t\t\t\t<div class=\"elementor-cta__description elementor-cta__content-item elementor-content-item\">\n\t\t\t\t\t\tLe seul moyen de progresser de mani\u00e8re p\u00e9renne \t\t\t\t\t<\/div>\n\t\t\t\t\n\t\t\t\t\t\t\t\t\t<div class=\"elementor-cta__button-wrapper elementor-cta__content-item elementor-content-item \">\n\t\t\t\t\t<span class=\"elementor-cta__button elementor-button elementor-size-\">\n\t\t\t\t\t\tCliquer ici\t\t\t\t\t<\/span>\n\t\t\t\t\t<\/div>\n\t\t\t\t\t\t\t<\/div>\n\t\t\t\t\t\t<\/a>\n\t\t\t\t\t\t<\/div>\n\t\t\t\t<\/div>\n\t\t\t\t<div class=\"elementor-element elementor-element-993d20b elementor-widget elementor-widget-heading\" data-id=\"993d20b\" data-element_type=\"widget\" data-widget_type=\"heading.default\">\n\t\t\t\t<div class=\"elementor-widget-container\">\n\t\t\t\t\t<h2 class=\"elementor-heading-title elementor-size-default\">Les d\u00e9rogations scolaires<\/h2>\t\t\t\t<\/div>\n\t\t\t\t<\/div>\n\t\t\t\t<div class=\"elementor-element elementor-element-004f1cd elementor-widget elementor-widget-text-editor\" data-id=\"004f1cd\" data-element_type=\"widget\" data-widget_type=\"text-editor.default\">\n\t\t\t\t<div class=\"elementor-widget-container\">\n\t\t\t\t\t\t\t\t\t<p>Si vous souhaitez inscrire votre enfant dans une \u00e9cole diff\u00e9rente de celle de votre secteur, une <strong>demande de d\u00e9rogation<\/strong> peut \u00eatre n\u00e9cessaire. Cette d\u00e9marche implique de justifier votre demande et d&rsquo;obtenir <strong>l&rsquo;accord des mairies concern\u00e9es<\/strong>.<\/p><p>Les raisons de d\u00e9rogation peuvent inclure la proximit\u00e9 du lieu de travail des parents, des raisons m\u00e9dicales et familiales sp\u00e9cifiques ou encore la disponibilit\u00e9 de programmes particuliers dans l&rsquo;\u00e9cole demand\u00e9e.<\/p>\t\t\t\t\t\t\t\t<\/div>\n\t\t\t\t<\/div>\n\t\t\t\t<div class=\"elementor-element elementor-element-3715d16 elementor-widget elementor-widget-heading\" data-id=\"3715d16\" data-element_type=\"widget\" data-widget_type=\"heading.default\">\n\t\t\t\t<div class=\"elementor-widget-container\">\n\t\t\t\t\t<h2 class=\"elementor-heading-title elementor-size-default\">Chiffres cl\u00e9s autour de l\u2019entr\u00e9e \u00e0 l\u2019\u00e9cole \u00e0 2 ans<\/h2>\t\t\t\t<\/div>\n\t\t\t\t<\/div>\n\t\t\t\t<div class=\"elementor-element elementor-element-f96dcd4 elementor-widget elementor-widget-text-editor\" data-id=\"f96dcd4\" data-element_type=\"widget\" data-widget_type=\"text-editor.default\">\n\t\t\t\t<div class=\"elementor-widget-container\">\n\t\t\t\t\t\t\t\t\t<p>La proportion d&rsquo;enfants de 2 ans scolaris\u00e9s en maternelle a significativement diminu\u00e9 au fil des ans.<\/p><p>En 2000, 35 % des enfants de cet \u00e2ge \u00e9taient inscrits en maternelle, contre seulement 11 % en 2017.<\/p><p>En 2019, le taux de scolarisation des enfants de 2 ans \u00e9tait de 10,8 % dans le secteur public et priv\u00e9 confondus.<\/p><p>Cette baisse est attribu\u00e9e \u00e0 divers facteurs, dont une diminution des postes d&rsquo;enseignants et des pr\u00e9occupations concernant l&rsquo;ad\u00e9quation de l&rsquo;\u00e9cole pour les tout-petits.<\/p>\t\t\t\t\t\t\t\t<\/div>\n\t\t\t\t<\/div>\n\t\t\t\t<div class=\"elementor-element elementor-element-6e77d46 elementor-widget elementor-widget-heading\" data-id=\"6e77d46\" data-element_type=\"widget\" data-widget_type=\"heading.default\">\n\t\t\t\t<div class=\"elementor-widget-container\">\n\t\t\t\t\t<h2 class=\"elementor-heading-title elementor-size-default\">Les avantages \u00e0 faire entrer son enfant \u00e0 l\u2019\u00e9cole maternelle \u00e0 2 ans<\/h2>\t\t\t\t<\/div>\n\t\t\t\t<\/div>\n\t\t\t\t<div class=\"elementor-element elementor-element-fe49d8a elementor-widget elementor-widget-text-editor\" data-id=\"fe49d8a\" data-element_type=\"widget\" data-widget_type=\"text-editor.default\">\n\t\t\t\t<div class=\"elementor-widget-container\">\n\t\t\t\t\t\t\t\t\t<p>Inscrire son enfant \u00e0 l&rsquo;\u00e9cole maternelle d\u00e8s l&rsquo;\u00e2ge de 2 ans pr\u00e9sente plusieurs avantages, surtout pour les enfants issus de milieux d\u00e9favoris\u00e9s. Cette scolarisation pr\u00e9coce favorise le <strong>d\u00e9veloppement social et langagier<\/strong>, permettant une meilleure transition vers la scolarit\u00e9 obligatoire. L&rsquo;\u00e9cole offre un <strong>environnement stimulant et structur\u00e9<\/strong>, b\u00e9n\u00e9fique pour des enfants qui s&rsquo;ennuient \u00e0 la maison ou en cr\u00e8che.<\/p><p>La scolarisation pr\u00e9coce aide \u00e9galement \u00e0 <strong>pallier les diff\u00e9rences socioculturelles<\/strong> en offrant un acc\u00e8s anticip\u00e9 \u00e0 la vie collective et \u00e0 l&rsquo;apprentissage du langage. En \u00e9tant entour\u00e9s d&rsquo;autres enfants, les tout-petits apprennent par mim\u00e9tisme, ce qui stimule leur d\u00e9veloppement global et leur autonomie.<\/p><p>Selon des experts comme Agn\u00e8s Florin, professeure de psychologie, et Bernard Golse, p\u00e9dopsychiatre, une entr\u00e9e pr\u00e9coce en maternelle peut \u00eatre b\u00e9n\u00e9fique si les conditions d&rsquo;accueil sont adapt\u00e9es aux besoins sp\u00e9cifiques des tout-petits. Un environnement scolaire bienveillant, avec des rythmes am\u00e9nag\u00e9s et des activit\u00e9s adapt\u00e9es, permet de r\u00e9pondre aux besoins de sommeil, de mobilit\u00e9 et de maternage des jeunes enfants.<\/p><p>Les enseignants et le personnel scolaire sont form\u00e9s pour accueillir des enfants de cet \u00e2ge et pour leur offrir un <strong>soutien adapt\u00e9<\/strong> \u00e0 leur d\u00e9veloppement. Ainsi, l&rsquo;int\u00e9gration en classe d\u00e8s 2 ans peut faciliter l&rsquo;adaptation scolaire et poser les bases d&rsquo;une r\u00e9ussite \u00e9ducative \u00e0 long terme. En outre, cette scolarisation anticip\u00e9e permet de <strong>rep\u00e9rer plus t\u00f4t les besoins particuliers<\/strong> de certains enfants. De quoi garantir une r\u00e9ponse \u00e9ducative plus rapide et mieux adapt\u00e9e \u00e0 l\u2019enfant.<\/p>\t\t\t\t\t\t\t\t<\/div>\n\t\t\t\t<\/div>\n\t\t\t\t<div class=\"elementor-element elementor-element-b49925d elementor-widget elementor-widget-heading\" data-id=\"b49925d\" data-element_type=\"widget\" data-widget_type=\"heading.default\">\n\t\t\t\t<div class=\"elementor-widget-container\">\n\t\t\t\t\t<h2 class=\"elementor-heading-title elementor-size-default\">Les inconv\u00e9nients \u00e0 faire entrer son enfant \u00e0 l\u2019\u00e9cole maternelle \u00e0 2 ans<\/h2>\t\t\t\t<\/div>\n\t\t\t\t<\/div>\n\t\t\t\t<div class=\"elementor-element elementor-element-b4f096f elementor-widget elementor-widget-text-editor\" data-id=\"b4f096f\" data-element_type=\"widget\" data-widget_type=\"text-editor.default\">\n\t\t\t\t<div class=\"elementor-widget-container\">\n\t\t\t\t\t\t\t\t\t<p>De nombreux enfants ne sont pas pr\u00eats \u00e0 entrer \u00e0 l\u2019\u00e9cole \u00e0 2 ans. La relation affective qu\u2019ils ont avec leurs parents, et en particulier avec leur maman, n\u2019est pas m\u00fbre.<\/p><p>Il faut se souvenir que pendant des dizaines d\u2019ann\u00e9es, voire des si\u00e8cles, on n\u2019allait en classe qu\u2019\u00e0 partir de 6 ans. De nombreux grands-parents ont appris \u00e0 jouer, \u00e0 compter, \u00e0 \u00e9couter \u00e0 leurs petits-enfants sans avoir besoin de l\u2019\u00e9cole pour cela. Les anciens peuvent t\u00e9moigner que cela respectait beaucoup mieux le rythme des enfants. Par ailleurs les familles \u00e9tant souvent nombreuses, les interactions sociales \u00e9taient tr\u00e8s nombreuses.<\/p>\t\t\t\t\t\t\t\t<\/div>\n\t\t\t\t<\/div>\n\t\t\t\t<div class=\"elementor-element elementor-element-cc8ea1a elementor-cta--skin-classic elementor-animated-content elementor-bg-transform elementor-bg-transform-zoom-in elementor-widget elementor-widget-call-to-action\" data-id=\"cc8ea1a\" data-element_type=\"widget\" data-widget_type=\"call-to-action.default\">\n\t\t\t\t<div class=\"elementor-widget-container\">\n\t\t\t\t\t\t\t<a class=\"elementor-cta\" href=\"https:\/\/www.coursgriffon.fr\/content\/20-ecole-a-la-maison-primaire\">\n\t\t\t\t\t<div class=\"elementor-cta__bg-wrapper\">\n\t\t\t\t<div class=\"elementor-cta__bg elementor-bg\" style=\"background-image: url(https:\/\/www.coursgriffon.fr\/blog\/wp-content\/uploads\/2024\/04\/maternelle-blog-1024x1024.jpg);\" role=\"img\" aria-label=\"Maternelle | Cours Griffon\"><\/div>\n\t\t\t\t<div class=\"elementor-cta__bg-overlay\"><\/div>\n\t\t\t<\/div>\n\t\t\t\t\t\t\t<div class=\"elementor-cta__content\">\n\t\t\t\t\n\t\t\t\t\t\t\t\t\t<h2 class=\"elementor-cta__title elementor-cta__content-item elementor-content-item\">\n\t\t\t\t\t\tEt si je compl\u00e9tais la maternelle avec un bon cours ?\t\t\t\t\t<\/h2>\n\t\t\t\t\n\t\t\t\t\t\t\t\t\t<div class=\"elementor-cta__description elementor-cta__content-item elementor-content-item\">\n\t\t\t\t\t\tLe seul moyen de progresser de mani\u00e8re p\u00e9renne \t\t\t\t\t<\/div>\n\t\t\t\t\n\t\t\t\t\t\t\t\t\t<div class=\"elementor-cta__button-wrapper elementor-cta__content-item elementor-content-item \">\n\t\t\t\t\t<span class=\"elementor-cta__button elementor-button elementor-size-\">\n\t\t\t\t\t\tCliquer ici\t\t\t\t\t<\/span>\n\t\t\t\t\t<\/div>\n\t\t\t\t\t\t\t<\/div>\n\t\t\t\t\t\t<\/a>\n\t\t\t\t\t\t<\/div>\n\t\t\t\t<\/div>\n\t\t\t\t<div class=\"elementor-element elementor-element-4d58c5d elementor-widget elementor-widget-heading\" data-id=\"4d58c5d\" data-element_type=\"widget\" data-widget_type=\"heading.default\">\n\t\t\t\t<div class=\"elementor-widget-container\">\n\t\t\t\t\t<h2 class=\"elementor-heading-title elementor-size-default\">En conclusion<\/h2>\t\t\t\t<\/div>\n\t\t\t\t<\/div>\n\t\t\t\t<div class=\"elementor-element elementor-element-7399628 elementor-widget elementor-widget-text-editor\" data-id=\"7399628\" data-element_type=\"widget\" data-widget_type=\"text-editor.default\">\n\t\t\t\t<div class=\"elementor-widget-container\">\n\t\t\t\t\t\t\t\t\t<p>D\u00e9cider d&rsquo;inscrire son enfant \u00e0 la maternelle \u00e0 2 ans et demi est une d\u00e9cision importante qui n\u00e9cessite une <strong>r\u00e9flexion approfondie<\/strong>. Il est crucial de consid\u00e9rer la maturit\u00e9 et les besoins individuels de chaque enfant. Les avantages de la scolarisation pr\u00e9coce existent, notamment pour les enfants issus de milieux d\u00e9favoris\u00e9s, mais celle-ci doit se faire dans un cadre adapt\u00e9 et en concertation avec les professionnels de l&rsquo;\u00e9ducation et de la petite enfance.<\/p><p>Il est \u00e9galement essentiel de bien se renseigner sur les <strong>d\u00e9marches administratives<\/strong> et les <strong>conditions d&rsquo;inscription<\/strong> aupr\u00e8s de votre mairie et des \u00e9tablissements scolaires. Pr\u00e9parer cette \u00e9tape en amont permet d&rsquo;assurer une transition en douceur et de garantir que votre enfant se sentira bien dans son nouvel environnement scolaire. Prenez le temps de discuter avec les enseignants et de visiter les \u00e9coles pour faire le meilleur choix pour votre enfant.<\/p><p>Ainsi, l&rsquo;entr\u00e9e en maternelle \u00e0 2 ans et demi peut \u00eatre une <strong>excellente opportunit\u00e9<\/strong> pour votre enfant, \u00e0 condition que ses <strong>besoins<\/strong> soient <strong>\u00e9cout\u00e9s et respect\u00e9s<\/strong> et que vous, en tant que parents, soyez <strong>bien pr\u00e9par\u00e9s<\/strong> et <strong>inform\u00e9s<\/strong>.<\/p><p>Pour aller plus loin, d\u00e9couvrez notre article sur <a href=\"https:\/\/www.coursgriffon.fr\/blog\/lapprentissage-de-la-lecture-en-grande-section-maternelle\/\"><strong>l\u2019apprentissage de la lecture en grande section<\/strong><\/a>.<\/p>\t\t\t\t\t\t\t\t<\/div>\n\t\t\t\t<\/div>\n\t\t\t\t\t<\/div>\n\t\t\t\t<\/div>\n\t\t\t\t<\/div>\n\t\t","protected":false},"excerpt":{"rendered":"<p>L&rsquo;entr\u00e9e en maternelle \u00e0 l&rsquo;\u00e2ge de 2 ans et demi suscite souvent des interrogations chez les parents. Entre les besoins de l&rsquo;enfant, les contraintes familiales et les d\u00e9marches administratives, il est crucial de bien se renseigner pour prendre la meilleure d\u00e9cision. Cette \u00e9tape marquante dans le cycle d&rsquo;\u00e9ducation de votre enfant n\u00e9cessite une r\u00e9flexion approfondie sur le projet \u00e9ducatif et les conditions d&rsquo;enseignement adapt\u00e9es aux tout-petits. <\/p>\n","protected":false},"author":2,"featured_media":1409,"comment_status":"closed","ping_status":"open","sticky":false,"template":"","format":"standard","meta":{"footnotes":""},"categories":[1],"tags":[],"class_list":["post-2256","post","type-post","status-publish","format-standard","has-post-thumbnail","hentry","category-non-classe"],"_links":{"self":[{"href":"https:\/\/www.coursgriffon.fr\/blog\/wp-json\/wp\/v2\/posts\/2256","targetHints":{"allow":["GET"]}}],"collection":[{"href":"https:\/\/www.coursgriffon.fr\/blog\/wp-json\/wp\/v2\/posts"}],"about":[{"href":"https:\/\/www.coursgriffon.fr\/blog\/wp-json\/wp\/v2\/types\/post"}],"author":[{"embeddable":true,"href":"https:\/\/www.coursgriffon.fr\/blog\/wp-json\/wp\/v2\/users\/2"}],"replies":[{"embeddable":true,"href":"https:\/\/www.coursgriffon.fr\/blog\/wp-json\/wp\/v2\/comments?post=2256"}],"version-history":[{"count":61,"href":"https:\/\/www.coursgriffon.fr\/blog\/wp-json\/wp\/v2\/posts\/2256\/revisions"}],"predecessor-version":[{"id":2976,"href":"https:\/\/www.coursgriffon.fr\/blog\/wp-json\/wp\/v2\/posts\/2256\/revisions\/2976"}],"wp:featuredmedia":[{"embeddable":true,"href":"https:\/\/www.coursgriffon.fr\/blog\/wp-json\/wp\/v2\/media\/1409"}],"wp:attachment":[{"href":"https:\/\/www.coursgriffon.fr\/blog\/wp-json\/wp\/v2\/media?parent=2256"}],"wp:term":[{"taxonomy":"category","embeddable":true,"href":"https:\/\/www.coursgriffon.fr\/blog\/wp-json\/wp\/v2\/categories?post=2256"},{"taxonomy":"post_tag","embeddable":true,"href":"https:\/\/www.coursgriffon.fr\/blog\/wp-json\/wp\/v2\/tags?post=2256"}],"curies":[{"name":"wp","href":"https:\/\/api.w.org\/{rel}","templated":true}]}}