{"id":1759,"date":"2024-04-02T14:44:02","date_gmt":"2024-04-02T12:44:02","guid":{"rendered":"https:\/\/www.coursgriffon.fr\/blog\/?p=1759"},"modified":"2025-05-16T19:16:05","modified_gmt":"2025-05-16T17:16:05","slug":"a-quel-age-peut-on-rentrer-en-maternelle","status":"publish","type":"post","link":"https:\/\/www.coursgriffon.fr\/blog\/a-quel-age-peut-on-rentrer-en-maternelle\/","title":{"rendered":"\u00c0 quel \u00e2ge peut-on rentrer en maternelle ? | Guide et infos"},"content":{"rendered":"\t\t<div data-elementor-type=\"wp-post\" data-elementor-id=\"1759\" class=\"elementor elementor-1759\" data-elementor-post-type=\"post\">\n\t\t\t\t<div class=\"elementor-element elementor-element-13d562a e-flex e-con-boxed e-con e-parent\" data-id=\"13d562a\" data-element_type=\"container\">\n\t\t\t\t\t<div class=\"e-con-inner\">\n\t\t\t\t<div class=\"elementor-element elementor-element-a60b54b elementor-widget elementor-widget-heading\" data-id=\"a60b54b\" data-element_type=\"widget\" data-widget_type=\"heading.default\">\n\t\t\t\t<div class=\"elementor-widget-container\">\n\t\t\t\t\t<h1 class=\"elementor-heading-title elementor-size-default\">\u00c0 quel \u00e2ge peut-on rentrer en maternelle ?<\/h1>\t\t\t\t<\/div>\n\t\t\t\t<\/div>\n\t\t\t\t<div class=\"elementor-element elementor-element-0216d3a elementor-widget elementor-widget-text-editor\" data-id=\"0216d3a\" data-element_type=\"widget\" data-widget_type=\"text-editor.default\">\n\t\t\t\t<div class=\"elementor-widget-container\">\n\t\t\t\t\t\t\t\t\t<p>L&rsquo;entr\u00e9e \u00e0 l&rsquo;\u00e9cole maternelle est une \u00e9tape importante dans la vie d&rsquo;un enfant et de sa famille, marquant le d\u00e9but de son parcours \u00e9ducatif. Cette premi\u00e8re exp\u00e9rience scolaire pose les bases de l&rsquo;\u00e9ducation et de l&rsquo;instruction qui accompagneront l&rsquo;enfant tout au long de son parcours. En France, l&rsquo;\u00e2ge d&rsquo;entr\u00e9e en maternelle ainsi que les d\u00e9marches d&rsquo;inscription sont encadr\u00e9s par des r\u00e8gles pr\u00e9cises, faisant de cette \u00e9tape un moment cl\u00e9 de la scolarit\u00e9.<\/p>\t\t\t\t\t\t\t\t<\/div>\n\t\t\t\t<\/div>\n\t\t\t\t<div class=\"elementor-element elementor-element-f0df7a4 elementor-toc--minimized-on-tablet elementor-widget elementor-widget-table-of-contents\" data-id=\"f0df7a4\" data-element_type=\"widget\" data-settings=\"{&quot;headings_by_tags&quot;:[&quot;h2&quot;,&quot;h3&quot;],&quot;exclude_headings_by_selector&quot;:[],&quot;no_headings_message&quot;:&quot;Aucun titre n\\u2019a \\u00e9t\\u00e9 trouv\\u00e9 sur cette page.&quot;,&quot;marker_view&quot;:&quot;numbers&quot;,&quot;minimize_box&quot;:&quot;yes&quot;,&quot;minimized_on&quot;:&quot;tablet&quot;,&quot;hierarchical_view&quot;:&quot;yes&quot;,&quot;min_height&quot;:{&quot;unit&quot;:&quot;px&quot;,&quot;size&quot;:&quot;&quot;,&quot;sizes&quot;:[]},&quot;min_height_tablet&quot;:{&quot;unit&quot;:&quot;px&quot;,&quot;size&quot;:&quot;&quot;,&quot;sizes&quot;:[]},&quot;min_height_mobile&quot;:{&quot;unit&quot;:&quot;px&quot;,&quot;size&quot;:&quot;&quot;,&quot;sizes&quot;:[]}}\" data-widget_type=\"table-of-contents.default\">\n\t\t\t\t<div class=\"elementor-widget-container\">\n\t\t\t\t\t\t\t<div class=\"elementor-toc__header\">\n\t\t\t<h4 class=\"elementor-toc__header-title\">\n\t\t\t\tTable des mati\u00e8res\t\t\t<\/h4>\n\t\t\t\t\t\t\t<div class=\"elementor-toc__toggle-button elementor-toc__toggle-button--expand\" role=\"button\" tabindex=\"0\" aria-controls=\"elementor-toc__f0df7a4\" aria-expanded=\"true\" aria-label=\"Ouvrir la table des mati\u00e8res\"><svg aria-hidden=\"true\" class=\"e-font-icon-svg e-fas-chevron-down\" viewBox=\"0 0 448 512\" xmlns=\"http:\/\/www.w3.org\/2000\/svg\"><path d=\"M207.029 381.476L12.686 187.132c-9.373-9.373-9.373-24.569 0-33.941l22.667-22.667c9.357-9.357 24.522-9.375 33.901-.04L224 284.505l154.745-154.021c9.379-9.335 24.544-9.317 33.901.04l22.667 22.667c9.373 9.373 9.373 24.569 0 33.941L240.971 381.476c-9.373 9.372-24.569 9.372-33.942 0z\"><\/path><\/svg><\/div>\n\t\t\t\t<div class=\"elementor-toc__toggle-button elementor-toc__toggle-button--collapse\" role=\"button\" tabindex=\"0\" aria-controls=\"elementor-toc__f0df7a4\" aria-expanded=\"true\" aria-label=\"Fermer la table des mati\u00e8res\"><svg aria-hidden=\"true\" class=\"e-font-icon-svg e-fas-chevron-up\" viewBox=\"0 0 448 512\" xmlns=\"http:\/\/www.w3.org\/2000\/svg\"><path d=\"M240.971 130.524l194.343 194.343c9.373 9.373 9.373 24.569 0 33.941l-22.667 22.667c-9.357 9.357-24.522 9.375-33.901.04L224 227.495 69.255 381.516c-9.379 9.335-24.544 9.317-33.901-.04l-22.667-22.667c-9.373-9.373-9.373-24.569 0-33.941L207.03 130.525c9.372-9.373 24.568-9.373 33.941-.001z\"><\/path><\/svg><\/div>\n\t\t\t\t\t<\/div>\n\t\t<div id=\"elementor-toc__f0df7a4\" class=\"elementor-toc__body\">\n\t\t\t<div class=\"elementor-toc__spinner-container\">\n\t\t\t\t<svg class=\"elementor-toc__spinner eicon-animation-spin e-font-icon-svg e-eicon-loading\" aria-hidden=\"true\" viewBox=\"0 0 1000 1000\" xmlns=\"http:\/\/www.w3.org\/2000\/svg\"><path d=\"M500 975V858C696 858 858 696 858 500S696 142 500 142 142 304 142 500H25C25 237 238 25 500 25S975 237 975 500 763 975 500 975Z\"><\/path><\/svg>\t\t\t<\/div>\n\t\t<\/div>\n\t\t\t\t\t\t<\/div>\n\t\t\t\t<\/div>\n\t\t\t\t<div class=\"elementor-element elementor-element-c27adbd elementor-widget elementor-widget-heading\" data-id=\"c27adbd\" data-element_type=\"widget\" data-widget_type=\"heading.default\">\n\t\t\t\t<div class=\"elementor-widget-container\">\n\t\t\t\t\t<h2 class=\"elementor-heading-title elementor-size-default\">\u00c0 partir de quel \u00e2ge la maternelle est-elle obligatoire ?<\/h2>\t\t\t\t<\/div>\n\t\t\t\t<\/div>\n\t\t\t\t<div class=\"elementor-element elementor-element-b2dea92 elementor-widget elementor-widget-text-editor\" data-id=\"b2dea92\" data-element_type=\"widget\" data-widget_type=\"text-editor.default\">\n\t\t\t\t<div class=\"elementor-widget-container\">\n\t\t\t\t\t\t\t\t\t<p>Depuis la r\u00e9forme de 2019, l&rsquo;\u00e9ducation nationale fran\u00e7aise a abaiss\u00e9 l&rsquo;\u00e2ge de l&rsquo;obligation scolaire \u00e0 3 ans. Ainsi, tous les enfants r\u00e9sidant sur le territoire fran\u00e7ais doivent \u00eatre instruits d\u00e8s l&rsquo;\u00e2ge de trois ans, ce qui inclut la grande majorit\u00e9 des sections de maternelle. Ils peuvent suivre des cours \u00e0 distance et ne sont pas oblig\u00e9s d\u2019\u00eatre scolaris\u00e9s dans une \u00e9cole classique.<\/p><p>Cette mesure vise \u00e0 assurer une \u00e9galit\u00e9 des chances d\u00e8s le plus jeune \u00e2ge et \u00e0 poser les fondements d&rsquo;un apprentissage r\u00e9ussi pour tous les enfants.<\/p><p>Pour inscrire leur enfant, les parents ou les repr\u00e9sentants l\u00e9gaux doivent adresser une demande \u00e0 la mairie de leur commune de domicile, munis d&rsquo;un livret de famille ou d&rsquo;un acte de naissance ainsi que d&rsquo;un justificatif de domicile. Le service de l&rsquo;\u00e9ducation de la mairie d\u00e9livre ensuite un certificat d&rsquo;inscription, que les parents doivent remettre \u00e0 l&rsquo;\u00e9tablissement scolaire, public ou priv\u00e9, de leur secteur. Cette d\u00e9marche administrative est cruciale pour formaliser la scolarisation de l&rsquo;enfant et pour respecter l&rsquo;obligation d&rsquo;instruction.<\/p><p>Vous souhaitez approfondir le programme de maternelle\u00a0?<\/p><p>D\u00e9couvrez nos contenus suivants\u00a0:<\/p><ul><li><a href=\"https:\/\/www.coursgriffon.fr\/content\/159-programme-de-petite-section-de-maternelle\"><strong>Programme et cours de petite section<\/strong><\/a><\/li><li><a href=\"https:\/\/www.coursgriffon.fr\/content\/158-ecole-a-la-maison-moyenne-section-de-maternelle\"><strong>Programme et cours de moyenne section<\/strong><\/a><\/li><li><a href=\"https:\/\/www.coursgriffon.fr\/content\/157-ecole-a-la-maison-grande-section-de-maternelle\"><strong>Programme et cours de grande section<\/strong><\/a><\/li><\/ul>\t\t\t\t\t\t\t\t<\/div>\n\t\t\t\t<\/div>\n\t\t\t\t<div class=\"elementor-element elementor-element-80e8ad8 elementor-widget elementor-widget-heading\" data-id=\"80e8ad8\" data-element_type=\"widget\" data-widget_type=\"heading.default\">\n\t\t\t\t<div class=\"elementor-widget-container\">\n\t\t\t\t\t<h2 class=\"elementor-heading-title elementor-size-default\">Quels sont les risques en cas de non-respect de l\u2019obligation d\u2019instruction ?<\/h2>\t\t\t\t<\/div>\n\t\t\t\t<\/div>\n\t\t\t\t<div class=\"elementor-element elementor-element-34df2b1 elementor-widget elementor-widget-text-editor\" data-id=\"34df2b1\" data-element_type=\"widget\" data-widget_type=\"text-editor.default\">\n\t\t\t\t<div class=\"elementor-widget-container\">\n\t\t\t\t\t\t\t\t\t<p>Le non-respect de l&rsquo;obligation d&rsquo;inscription et de fr\u00e9quentation scolaire expose les parents \u00e0 des sanctions juridiques car l&rsquo;instruction est obligatoire en France d\u00e8s l&rsquo;\u00e2ge de trois ans et jusqu&rsquo;\u00e0 seize ans. Cette obligation vise \u00e0 garantir que chaque enfant b\u00e9n\u00e9ficie d&rsquo;une \u00e9ducation fondamentale, lui permettant de s&rsquo;ins\u00e9rer dans la soci\u00e9t\u00e9 et d&rsquo;acc\u00e9der \u00e0 une formation professionnelle future.<\/p><p>En cas de manquement \u00e0 cette obligation, les parents peuvent \u00eatre poursuivis pour d\u00e9laissement \u00e9ducatif. Les sanctions peuvent varier d&rsquo;amendes significatives \u00e0 des peines plus graves selon la gravit\u00e9 et la r\u00e9currence du manquement. De plus, le service public de l&rsquo;\u00e9ducation nationale peut intervenir pour assurer la scolarisation de l&rsquo;enfant.<\/p><p>Ces mesures refl\u00e8tent l&rsquo;importance que l&rsquo;\u00c9tat accorde \u00e0 l&rsquo;\u00e9ducation et \u00e0 l&rsquo;enseignement pour le d\u00e9veloppement et le bien-\u00eatre de chaque enfant.<\/p>\t\t\t\t\t\t\t\t<\/div>\n\t\t\t\t<\/div>\n\t\t\t\t<div class=\"elementor-element elementor-element-409c1f4 elementor-cta--skin-classic elementor-animated-content elementor-bg-transform elementor-bg-transform-zoom-in elementor-widget elementor-widget-call-to-action\" data-id=\"409c1f4\" data-element_type=\"widget\" data-widget_type=\"call-to-action.default\">\n\t\t\t\t<div class=\"elementor-widget-container\">\n\t\t\t\t\t\t\t<a class=\"elementor-cta\" href=\"https:\/\/www.coursgriffon.fr\/content\/20-ecole-a-la-maison-primaire\">\n\t\t\t\t\t<div class=\"elementor-cta__bg-wrapper\">\n\t\t\t\t<div class=\"elementor-cta__bg elementor-bg\" style=\"background-image: url(https:\/\/www.coursgriffon.fr\/blog\/wp-content\/uploads\/2024\/04\/maternelle-blog-1024x1024.jpg);\" role=\"img\" aria-label=\"Maternelle | Cours Griffon\"><\/div>\n\t\t\t\t<div class=\"elementor-cta__bg-overlay\"><\/div>\n\t\t\t<\/div>\n\t\t\t\t\t\t\t<div class=\"elementor-cta__content\">\n\t\t\t\t\n\t\t\t\t\t\t\t\t\t<h2 class=\"elementor-cta__title elementor-cta__content-item elementor-content-item\">\n\t\t\t\t\t\tEt si je compl\u00e9tais la matrenelle avec un tr\u00e8s bon cours ?\t\t\t\t\t<\/h2>\n\t\t\t\t\n\t\t\t\t\t\t\t\t\t<div class=\"elementor-cta__description elementor-cta__content-item elementor-content-item\">\n\t\t\t\t\t\tEt tout s'\u00e9claire...\t\t\t\t\t<\/div>\n\t\t\t\t\n\t\t\t\t\t\t\t\t\t<div class=\"elementor-cta__button-wrapper elementor-cta__content-item elementor-content-item \">\n\t\t\t\t\t<span class=\"elementor-cta__button elementor-button elementor-size-\">\n\t\t\t\t\t\tCliquer ici\t\t\t\t\t<\/span>\n\t\t\t\t\t<\/div>\n\t\t\t\t\t\t\t<\/div>\n\t\t\t\t\t\t<\/a>\n\t\t\t\t\t\t<\/div>\n\t\t\t\t<\/div>\n\t\t\t\t<div class=\"elementor-element elementor-element-8ca1307 elementor-widget elementor-widget-heading\" data-id=\"8ca1307\" data-element_type=\"widget\" data-widget_type=\"heading.default\">\n\t\t\t\t<div class=\"elementor-widget-container\">\n\t\t\t\t\t<h2 class=\"elementor-heading-title elementor-size-default\">Existe-t-il des diff\u00e9rences entre les \u00e9coles maternelles publiques et priv\u00e9es ?<\/h2>\t\t\t\t<\/div>\n\t\t\t\t<\/div>\n\t\t\t\t<div class=\"elementor-element elementor-element-0a4691e elementor-widget elementor-widget-text-editor\" data-id=\"0a4691e\" data-element_type=\"widget\" data-widget_type=\"text-editor.default\">\n\t\t\t\t<div class=\"elementor-widget-container\">\n\t\t\t\t\t\t\t\t\t<p>Les \u00e9coles maternelles en France peuvent \u00eatre publiques ou priv\u00e9es, chacune pr\u00e9sentant des caract\u00e9ristiques sp\u00e9cifiques en termes de gestion, de co\u00fbt et d&rsquo;approche p\u00e9dagogique. Les \u00e9coles publiques sont g\u00e9r\u00e9es par les services de l&rsquo;\u00c9ducation nationale et sont gratuites, garantissant ainsi un acc\u00e8s \u00e9galitaire \u00e0 l&rsquo;\u00e9ducation pour tous les enfants. Elles suivent un programme national et sont soumises \u00e0 des inspections r\u00e9guli\u00e8res qui assurent le respect des standards \u00e9ducatifs nationaux.<\/p><p>\u00c0 l&rsquo;inverse, les \u00e9coles maternelles priv\u00e9es peuvent \u00eatre sous contrat ou hors contrat avec l&rsquo;\u00c9tat. Les \u00e9tablissements sous contrat respectent le curriculum national et sont partiellement financ\u00e9s par l&rsquo;\u00c9tat, ce qui permet souvent de proposer des frais de scolarit\u00e9 mod\u00e9r\u00e9s.<\/p><p>Le choix entre le public et le priv\u00e9 d\u00e9pend des valeurs, des attentes \u00e9ducatives des parents et de la situation g\u00e9ographique. Certains parents peuvent privil\u00e9gier une \u00e9cole priv\u00e9e pour une approche p\u00e9dagogique sp\u00e9cifique ou pour des convictions religieuses, tandis que d&rsquo;autres choisissent l&rsquo;\u00e9cole publique pour son accessibilit\u00e9 et sa repr\u00e9sentativit\u00e9 de la diversit\u00e9 sociale et culturelle de la France.<\/p>\t\t\t\t\t\t\t\t<\/div>\n\t\t\t\t<\/div>\n\t\t\t\t<div class=\"elementor-element elementor-element-e4686c3 elementor-widget elementor-widget-heading\" data-id=\"e4686c3\" data-element_type=\"widget\" data-widget_type=\"heading.default\">\n\t\t\t\t<div class=\"elementor-widget-container\">\n\t\t\t\t\t<h2 class=\"elementor-heading-title elementor-size-default\">Quelles sont les d\u00e9marches d'inscription en maternelle en France ?<\/h2>\t\t\t\t<\/div>\n\t\t\t\t<\/div>\n\t\t\t\t<div class=\"elementor-element elementor-element-6216892 elementor-widget elementor-widget-text-editor\" data-id=\"6216892\" data-element_type=\"widget\" data-widget_type=\"text-editor.default\">\n\t\t\t\t<div class=\"elementor-widget-container\">\n\t\t\t\t\t\t\t\t\t<p>Inscrire son enfant en maternelle est une \u00e9tape essentielle pour d\u00e9buter son parcours scolaire. Ce processus, encadr\u00e9 par l&rsquo;\u00c9tat fran\u00e7ais, n\u00e9cessite la pr\u00e9paration de plusieurs documents obligatoires et la r\u00e9alisation de d\u00e9marches sp\u00e9cifiques aupr\u00e8s de divers services publics.<\/p><p>Avant toute chose, les parents doivent se renseigner sur les \u00e9coles de leur secteur. Cela peut se faire via le site internet de la commune ou en contactant directement le service de l&rsquo;\u00e9ducation de la mairie. Chaque commune dispose d&rsquo;une page d\u00e9di\u00e9e o\u00f9 les parents peuvent trouver les informations relatives aux classes de maternelles disponibles.<\/p><p>Pour inscrire un enfant en maternelle, il faut rassembler un ensemble de documents justificatifs. Il s&rsquo;agit notamment d&rsquo;une copie de l&rsquo;acte de naissance de l&rsquo;enfant, d&rsquo;une preuve d&rsquo;identit\u00e9 des parents et d&rsquo;un justificatif de domicile attestant que la famille r\u00e9side bien dans le secteur de l&rsquo;\u00e9cole choisie. Le livret de famille est \u00e9galement un document cl\u00e9 \u00e0 pr\u00e9senter.<\/p><p>Avec ces documents, il convient de se rendre \u00e0 la mairie de son lieu de r\u00e9sidence pour officialiser la demande d&rsquo;inscription. Un certificat d&rsquo;inscription sera d\u00e9livr\u00e9, prouvant que l&rsquo;enfant a bien \u00e9t\u00e9 inscrit dans une \u00e9cole de la commune.<\/p><p>Munis du certificat d&rsquo;inscription d\u00e9livr\u00e9 par la mairie, les parents doivent ensuite prendre contact avec le directeur de l&rsquo;\u00e9tablissement choisi pour finaliser l&rsquo;inscription pour la nouvelle ann\u00e9e. C&rsquo;est l&rsquo;occasion de prendre connaissance de la classe dans laquelle l&rsquo;enfant sera accueilli, des enseignants et du projet p\u00e9dagogique de l&rsquo;\u00e9cole.<\/p><p>Certaines \u00e9coles organisent des journ\u00e9es portes ouvertes ou des r\u00e9unions d&rsquo;information pour les nouvelles familles. C&rsquo;est une excellente opportunit\u00e9 pour d\u00e9couvrir l&rsquo;environnement scolaire de leur enfant et pour les enfants de commencer \u00e0 s&rsquo;acclimater \u00e0 leur nouvelle \u00e9cole.<\/p><p>Pour les enfants qui passent de la cr\u00e8che \u00e0 l&rsquo;\u00e9cole maternelle, il est important d&rsquo;assurer une transition douce. Pour ce faire, privil\u00e9giez une discussion avec les responsables de la cr\u00e8che et de l&rsquo;\u00e9cole pour mettre en place un plan de transition adapt\u00e9 aux besoins de l&rsquo;enfant.<\/p><p>Envie d\u2019en savoir plus sur des sujets li\u00e9s \u00e0 l\u2019\u00e9ducation de vos enfants\u00a0? D\u00e9couvrez nos autres articles\u00a0:<\/p><ul><li><a href=\"https:\/\/www.coursgriffon.fr\/blog\/ecole-a-la-maison-tout-ce-quil-faut-savoir\/\">\u00c9cole \u00e0 la maison\u00a0: ce qu\u2019il faut savoir<\/a><\/li><li><a href=\"https:\/\/www.coursgriffon.fr\/blog\/ecriture-cursive-et-ecriture-script-les-avantages-et-differences\/\">Ecriture cursive et \u00e9criture script\u00a0: les diff\u00e9rences<\/a><\/li><li><a href=\"https:\/\/www.coursgriffon.fr\/blog\/lapprentissage-de-la-lecture-en-grande-section-maternelle\/\">Apprentissage de la lecture en maternelle<\/a><\/li><\/ul>\t\t\t\t\t\t\t\t<\/div>\n\t\t\t\t<\/div>\n\t\t\t\t<div class=\"elementor-element elementor-element-e130071 elementor-cta--skin-classic elementor-animated-content elementor-bg-transform elementor-bg-transform-zoom-in elementor-widget elementor-widget-call-to-action\" data-id=\"e130071\" data-element_type=\"widget\" data-widget_type=\"call-to-action.default\">\n\t\t\t\t<div class=\"elementor-widget-container\">\n\t\t\t\t\t\t\t<a class=\"elementor-cta\" href=\"https:\/\/www.coursgriffon.fr\/content\/20-ecole-a-la-maison-primaire\">\n\t\t\t\t\t<div class=\"elementor-cta__bg-wrapper\">\n\t\t\t\t<div class=\"elementor-cta__bg elementor-bg\" style=\"background-image: url(https:\/\/www.coursgriffon.fr\/blog\/wp-content\/uploads\/2024\/04\/maternelle-blog-1024x1024.jpg);\" role=\"img\" aria-label=\"Maternelle | Cours Griffon\"><\/div>\n\t\t\t\t<div class=\"elementor-cta__bg-overlay\"><\/div>\n\t\t\t<\/div>\n\t\t\t\t\t\t\t<div class=\"elementor-cta__content\">\n\t\t\t\t\n\t\t\t\t\t\t\t\t\t<h2 class=\"elementor-cta__title elementor-cta__content-item elementor-content-item\">\n\t\t\t\t\t\tEt si je compl\u00e9tais la matrenelle avec un tr\u00e8s bon cours ?\t\t\t\t\t<\/h2>\n\t\t\t\t\n\t\t\t\t\t\t\t\t\t<div class=\"elementor-cta__description elementor-cta__content-item elementor-content-item\">\n\t\t\t\t\t\tEt tout s'\u00e9claire...\t\t\t\t\t<\/div>\n\t\t\t\t\n\t\t\t\t\t\t\t\t\t<div class=\"elementor-cta__button-wrapper elementor-cta__content-item elementor-content-item \">\n\t\t\t\t\t<span class=\"elementor-cta__button elementor-button elementor-size-\">\n\t\t\t\t\t\tCliquer ici\t\t\t\t\t<\/span>\n\t\t\t\t\t<\/div>\n\t\t\t\t\t\t\t<\/div>\n\t\t\t\t\t\t<\/a>\n\t\t\t\t\t\t<\/div>\n\t\t\t\t<\/div>\n\t\t\t\t\t<\/div>\n\t\t\t\t<\/div>\n\t\t\t\t<\/div>\n\t\t","protected":false},"excerpt":{"rendered":"<p>L&rsquo;entr\u00e9e \u00e0 l&rsquo;\u00e9cole maternelle est une \u00e9tape importante dans la vie d&rsquo;un enfant et de sa famille, marquant le d\u00e9but de son parcours \u00e9ducatif. Cette premi\u00e8re exp\u00e9rience scolaire pose les bases de l&rsquo;\u00e9ducation et de l&rsquo;instruction qui accompagneront l&rsquo;enfant tout au long de son parcours. En France, l&rsquo;\u00e2ge d&rsquo;entr\u00e9e en maternelle ainsi que les d\u00e9marches d&rsquo;inscription sont encadr\u00e9s par des r\u00e8gles pr\u00e9cises, faisant de cette \u00e9tape un moment cl\u00e9 de la scolarit\u00e9.<\/p>\n","protected":false},"author":2,"featured_media":1761,"comment_status":"closed","ping_status":"open","sticky":false,"template":"","format":"standard","meta":{"footnotes":""},"categories":[1],"tags":[],"class_list":["post-1759","post","type-post","status-publish","format-standard","has-post-thumbnail","hentry","category-non-classe"],"_links":{"self":[{"href":"https:\/\/www.coursgriffon.fr\/blog\/wp-json\/wp\/v2\/posts\/1759","targetHints":{"allow":["GET"]}}],"collection":[{"href":"https:\/\/www.coursgriffon.fr\/blog\/wp-json\/wp\/v2\/posts"}],"about":[{"href":"https:\/\/www.coursgriffon.fr\/blog\/wp-json\/wp\/v2\/types\/post"}],"author":[{"embeddable":true,"href":"https:\/\/www.coursgriffon.fr\/blog\/wp-json\/wp\/v2\/users\/2"}],"replies":[{"embeddable":true,"href":"https:\/\/www.coursgriffon.fr\/blog\/wp-json\/wp\/v2\/comments?post=1759"}],"version-history":[{"count":31,"href":"https:\/\/www.coursgriffon.fr\/blog\/wp-json\/wp\/v2\/posts\/1759\/revisions"}],"predecessor-version":[{"id":2971,"href":"https:\/\/www.coursgriffon.fr\/blog\/wp-json\/wp\/v2\/posts\/1759\/revisions\/2971"}],"wp:featuredmedia":[{"embeddable":true,"href":"https:\/\/www.coursgriffon.fr\/blog\/wp-json\/wp\/v2\/media\/1761"}],"wp:attachment":[{"href":"https:\/\/www.coursgriffon.fr\/blog\/wp-json\/wp\/v2\/media?parent=1759"}],"wp:term":[{"taxonomy":"category","embeddable":true,"href":"https:\/\/www.coursgriffon.fr\/blog\/wp-json\/wp\/v2\/categories?post=1759"},{"taxonomy":"post_tag","embeddable":true,"href":"https:\/\/www.coursgriffon.fr\/blog\/wp-json\/wp\/v2\/tags?post=1759"}],"curies":[{"name":"wp","href":"https:\/\/api.w.org\/{rel}","templated":true}]}}